{"id":2612,"date":"2021-05-17T15:26:58","date_gmt":"2021-05-17T15:26:58","guid":{"rendered":"https:\/\/micuento.com\/blog\/?p=2612"},"modified":"2022-11-25T09:23:40","modified_gmt":"2022-11-25T08:23:40","slug":"hora-del-cuento","status":"publish","type":"post","link":"https:\/\/micuento.com\/blog\/hora-del-cuento\/","title":{"rendered":"Hora del cuento: C\u00f3mo ambientarla y ponerla en pr\u00e1ctica"},"content":{"rendered":"<p><script>ga('send', 'event', 'inbound', 'Descargable 1');<\/script><br \/>\nLa hora del cuento es <strong>una actividad destinada a fomentar el inter\u00e9s por la lectura<\/strong>, el gusto por los cuentos y la creatividad de los m\u00e1s peque\u00f1os. <strong>Se trata de un momento muy especial para los ni\u00f1os y las ni\u00f1as<\/strong>, que a trav\u00e9s de las palabras de los adultos, viven historias incre\u00edbles y experimentan sentimientos de todo tipo. Y tambi\u00e9n lo es para los mayores, que ven c\u00f3mo aquello que est\u00e1n contando genera gestos y reacciones, como si de su boca salieran palabras m\u00e1gicas.\u00a0<\/p>\n<div style=\"text-align: center;\">\n<h3><strong><span style=\"color: #d51c58;\">Psst, psst, tenemos un regalo para ti<\/strong><\/h3>\n<p><a href=\"https:\/\/micuento.com\/cuentos-personalizados\/?utm_source=blog&#038;utm_medium=banner\" target=\"_blank\" rel=\"noopener\"><img loading=\"lazy\" class=\"alignnone\" src=\"https:\/\/micuento.com\/blog\/wp-content\/uploads\/2022\/08\/ESP-banner-blog-descuento-1.jpg\" alt=\"\" width=\"672\" height=\"120\" \/><\/a><\/p>\n<\/div>\n<p>Habitualmente, la hora del cuento <strong>suele llevarse a cabo en aulas y bibliotecas<\/strong>, aunque tambi\u00e9n se puede organizar en casa junto a tus hijos. Solo tienes que crear la atm\u00f3sfera necesaria,\u00a0trabajar esta gu\u00eda para <a href=\"https:\/\/micuento.com\/blog\/como-contar-cuento-forma-original\/\">contar cuentos de forma original<\/a> y seguir alg\u00fan peque\u00f1o truco que te contamos a continuaci\u00f3n.<\/p>\n<p><img loading=\"lazy\" class=\"size-full wp-image-2614 aligncenter\" src=\"https:\/\/new-blog.micuento.com\/wp-content\/uploads\/2021\/05\/Hora-del-cuento-Como-ambientarla-y-ponerla-en-practica_02.jpg\" alt=\"\" width=\"780\" height=\"480\" \/><\/p>\n<h2>Una ambientaci\u00f3n m\u00e1gica para la hora del cuento<\/h2>\n<p>Una gran forma de<strong> captar la atenci\u00f3n de los ni\u00f1os<\/strong> y las ni\u00f1as desde el primer momento es ambientando el espacio de forma especial para la ocasi\u00f3n. Por ejemplo, podemos llenar la habitaci\u00f3n de globos azules si explicamos una historia que pasa en alta mar, como <a href=\"https:\/\/micuento.com\/cuento-personalizado\/la-busqueda-del-tesoro\">La b\u00fasqueda del tesoro<\/a>, o podemos<strong> decorar las paredes con fotograf\u00edas de los personajes del cuento<\/strong>, algo que ser\u00eda muy enriquecedor si les contaras qui\u00e9nes fueron las valientes mujeres de <a href=\"https:\/\/micuento.com\/cuento-personalizado\/vuela-alto\">\u00a1Vuela Alto!<\/a>, como Frida Kahlo o Marie Curie.<\/p>\n<p><strong>El narrador<\/strong> o la narradora, ya sea pap\u00e1, mam\u00e1, los abuelos o cualquier otro familiar,<strong> debe colocarse siempre en una silla especial<\/strong>. Si puede ser alta o en forma de trono, todav\u00eda mejor, ya que en ese momento se convierte en el rey o la reina de las historias fant\u00e1sticas.\u00a0<\/p>\n<p>A su alrededor se pondr\u00e1n los peques a escucharle, as\u00ed que deben estar c\u00f3modos. <strong>Perm\u00edteles elegir si quieren una silla, un coj\u00edn o estirarse<\/strong> libremente por la alfombra para que su \u00fanica preocupaci\u00f3n sea que el cuento tenga un final feliz.<\/p>\n<p>Tambi\u00e9n <strong>se puede poner m\u00fasica relajante de fondo<\/strong>, encender una vela o una vara de incienso e, incluso, pronunciar unas palabras en forma de hechizo y espolvorear unos polvos m\u00e1gicos por la sala, que por ejemplo pueden ser purpurina o confeti. Incluso, si tienes alg\u00fan gorro, capa o atuendo digno para la ocasi\u00f3n, puede convertirse en la prenda de ropa caracter\u00edstica de la hora del cuento.<\/p>\n<h2>\u00bfC\u00f3mo poner en pr\u00e1ctica la hora del cuento con ni\u00f1os?<\/h2>\n<p>En primer lugar, la hora del cuento <strong>debe llevarse a cabo en un momento de relax<\/strong>, tanto para los ni\u00f1os como para los adultos. Las prisas no son buenas consejeras, as\u00ed que debemos aparcarlas. Ser\u00e1 tambi\u00e9n un buen momento para desconectar del tel\u00e9fono m\u00f3vil y del email del trabajo.<\/p>\n<p>Para captar la atenci\u00f3n de nuestro querido p\u00fablico debemos <strong>leer cada frase con calma y haciendo \u00e9nfasis en todo lo que se dice<\/strong>, incluso poniendo voces distintas para cada personaje. Pasa las p\u00e1ginas lentamente y disfruta de cada una de ellas, aunque siempre con un ojo puesto en las reacciones de los peque\u00f1os.<\/p>\n<p>Adem\u00e1s de la voz, puedes <strong>llamar la atenci\u00f3n de los ni\u00f1os con las im\u00e1genes del cuento<\/strong>. Puedes mostrarlas y se\u00f1alarlas, con frases como \u00abel lobo sopl\u00f3 tan fuerte que la casa de paja qued\u00f3 as\u00ed\u00bb o \u00ablas nubes ten\u00edan formas tan originales como estas\u00bb.<\/p>\n<p><img loading=\"lazy\" class=\"size-full wp-image-2615 aligncenter\" src=\"https:\/\/new-blog.micuento.com\/wp-content\/uploads\/2021\/05\/Hora-del-cuento-Como-ambientarla-y-ponerla-en-practica_03.jpg\" alt=\"\" width=\"780\" height=\"480\" \/><\/p>\n<h2>Cada d\u00eda, una nueva aventura<\/h2>\n<p><strong>Organizar una programaci\u00f3n semanal de la hora del cuento es una gran forma de crear ilusi\u00f3n por esta actividad a los ni\u00f1os desde que empieza el lunes<\/strong>. Elige qu\u00e9 d\u00edas y horas de la semana los vais a destinar a esta actividad y planifica qu\u00e9 vais a hacer. Esto tambi\u00e9n te ayudar\u00e1 a pensar c\u00f3mo puedes darle un toque especial al evento y si necesitas comprar alguna cosa, podr\u00e1s hacerlo con antelaci\u00f3n.<\/p>\n<p>Una <strong>idea de programaci\u00f3n<\/strong> semanal que podr\u00e9is adaptar a vuestros gustos y horarios es la siguiente:<\/p>\n<ul>\n<li>Lunes: lectura del cuento que elija el ni\u00f1o o la ni\u00f1a.<\/li>\n<li>Martes: lectura de un cuento cl\u00e1sico que elija el adulto.<\/li>\n<li>Mi\u00e9rcoles: lectura de un <a href=\"https:\/\/micuento.com\/\">cuento personalizado<\/a>, en el que el ni\u00f1o o la ni\u00f1a es el\/la protagonista.<\/li>\n<li>Jueves: lectura de poes\u00edas y rimas.<\/li>\n<li>Viernes: d\u00eda de <a href=\"https:\/\/micuento.com\/blog\/aprender-a-leer-jugando\/\">juegos para aprender a leer<\/a>.<\/li>\n<li>S\u00e1bado: visita a la biblioteca para llevarse en pr\u00e9stamo cuentos para la semana que viene.<\/li>\n<li>Domingo: inventar vuestro propio cuento.<\/li>\n<\/ul>\n<p>Como ves, <strong>hay much\u00edsimas formas de ambientar y poner en pr\u00e1ctica la hora del cuento en casa y crear momentos muy bonitos con los peques<\/strong>. Desde MiCuento te animamos a que reserves alguna hora a la semana para llevar a cabo esta actividad tan m\u00e1gica y que disfrutes de lo m\u00e1s bonito de la vida, que sin duda es el amor de tus hijos.<\/p>\n<p><a href=\"https:\/\/micuento.com\/cuentos-personalizados\/?utm_source=blog&#038;utm_medium=banner\" target=\"_blank\" rel=\"noopener\"><img loading=\"lazy\" class=\"aligncenter\" src=\"https:\/\/micuento.com\/blog\/wp-content\/uploads\/2022\/08\/ESP-banner-blog-descuento-1.jpg\" alt=\"\" width=\"672\" height=\"120\" \/><\/a><\/p>\n<p>&nbsp;<\/p>\n","protected":false},"excerpt":{"rendered":"<p>La hora del cuento es una actividad destinada a fomentar el inter\u00e9s por la lectura, el gusto por&#8230;<\/p>\n","protected":false},"author":22,"featured_media":2613,"comment_status":"closed","ping_status":"open","sticky":false,"template":"","format":"standard","meta":{"inline_featured_image":false},"categories":[33,38],"tags":[],"amp_enabled":true,"_links":{"self":[{"href":"https:\/\/micuento.com\/blog\/wp-json\/wp\/v2\/posts\/2612"}],"collection":[{"href":"https:\/\/micuento.com\/blog\/wp-json\/wp\/v2\/posts"}],"about":[{"href":"https:\/\/micuento.com\/blog\/wp-json\/wp\/v2\/types\/post"}],"author":[{"embeddable":true,"href":"https:\/\/micuento.com\/blog\/wp-json\/wp\/v2\/users\/22"}],"replies":[{"embeddable":true,"href":"https:\/\/micuento.com\/blog\/wp-json\/wp\/v2\/comments?post=2612"}],"version-history":[{"count":3,"href":"https:\/\/micuento.com\/blog\/wp-json\/wp\/v2\/posts\/2612\/revisions"}],"predecessor-version":[{"id":3469,"href":"https:\/\/micuento.com\/blog\/wp-json\/wp\/v2\/posts\/2612\/revisions\/3469"}],"wp:featuredmedia":[{"embeddable":true,"href":"https:\/\/micuento.com\/blog\/wp-json\/wp\/v2\/media\/2613"}],"wp:attachment":[{"href":"https:\/\/micuento.com\/blog\/wp-json\/wp\/v2\/media?parent=2612"}],"wp:term":[{"taxonomy":"category","embeddable":true,"href":"https:\/\/micuento.com\/blog\/wp-json\/wp\/v2\/categories?post=2612"},{"taxonomy":"post_tag","embeddable":true,"href":"https:\/\/micuento.com\/blog\/wp-json\/wp\/v2\/tags?post=2612"}],"curies":[{"name":"wp","href":"https:\/\/api.w.org\/{rel}","templated":true}]}}