{"id":3632,"date":"2023-01-02T13:37:53","date_gmt":"2023-01-02T12:37:53","guid":{"rendered":"https:\/\/micuento.com\/blog\/?p=3632"},"modified":"2023-02-15T15:20:27","modified_gmt":"2023-02-15T14:20:27","slug":"tarjetas-para-el-dia-del-padre-con-frases","status":"publish","type":"post","link":"https:\/\/micuento.com\/blog\/tarjetas-para-el-dia-del-padre-con-frases\/","title":{"rendered":"Tarjetas para el D\u00eda del Padre con frases"},"content":{"rendered":"<p><img loading=\"lazy\" class=\"aligncenter wp-image-3634 size-large\" src=\"https:\/\/micuento.com\/blog\/wp-content\/uploads\/2023\/01\/opt-1024x684.jpg\" alt=\"tarjetas frases feliz dia del padre\" width=\"1024\" height=\"684\" srcset=\"https:\/\/micuento.com\/blog\/wp-content\/uploads\/2023\/01\/opt-1024x684.jpg 1024w, https:\/\/micuento.com\/blog\/wp-content\/uploads\/2023\/01\/opt-300x200.jpg 300w, https:\/\/micuento.com\/blog\/wp-content\/uploads\/2023\/01\/opt-768x513.jpg 768w, https:\/\/micuento.com\/blog\/wp-content\/uploads\/2023\/01\/opt-1536x1026.jpg 1536w, https:\/\/micuento.com\/blog\/wp-content\/uploads\/2023\/01\/opt-370x247.jpg 370w, https:\/\/micuento.com\/blog\/wp-content\/uploads\/2023\/01\/opt-270x180.jpg 270w, https:\/\/micuento.com\/blog\/wp-content\/uploads\/2023\/01\/opt-570x381.jpg 570w, https:\/\/micuento.com\/blog\/wp-content\/uploads\/2023\/01\/opt-770x514.jpg 770w, https:\/\/micuento.com\/blog\/wp-content\/uploads\/2023\/01\/opt-1170x781.jpg 1170w, https:\/\/micuento.com\/blog\/wp-content\/uploads\/2023\/01\/opt-869x580.jpg 869w, https:\/\/micuento.com\/blog\/wp-content\/uploads\/2023\/01\/opt.jpg 1920w\" sizes=\"(max-width: 1024px) 100vw, 1024px\" \/><\/p>\n<p><strong>\u00a1Ya se acerca el D\u00eda del Padre!; un d\u00eda en el que es importante juntarse y valorar el cari\u00f1o que todos los padres nos han brindado<\/strong> (y siguen brind\u00e1ndonos) cada d\u00eda. Es un <strong>d\u00eda para que pap\u00e1 sea el protagonista<\/strong>: un d\u00eda para sorprenderlo y darle un detalle que le recuerde cu\u00e1nto lo queremos.<\/p>\n<p><strong>\u00bfQu\u00e9 regalar para el D\u00eda del Padre?<\/strong> Aqu\u00ed tienes varias ideas de tarjetas y frases para regalar a Pap\u00e1.<\/p>\n<h3 style=\"text-align: center;\"><strong><span style=\"color: #d51c58;\">Psst, psst, tenemos un regalo para ti&#8230;<\/span><\/strong><\/h3>\n<p><a href=\"https:\/\/micuento.com\/?utm_source=blog&amp;utm_medium=banner\" target=\"_blank\" rel=\"noopener\"><img loading=\"lazy\" class=\"aligncenter\" src=\"https:\/\/micuento.com\/blog\/wp-content\/uploads\/2022\/08\/ESP-banner-blog-descuento.jpg\" alt=\"descuento libro personalizado\" width=\"672\" height=\"120\" \/><\/a><\/p>\n<h2>Ideas de tarjetas para el D\u00eda del Padre<\/h2>\n<p>\u00a1Hora de ser creativo o creativa! Re\u00fane todos los materiales que tengas en casa: cartulinas, tijeras, pegamento, pegatinas, goma eva, purpurina\u2026 Todo lo que puedas reutilizar. T\u00fa y los peques sois un equipo m\u00e1gico: <strong>juntos, crear\u00e9is la mejor tarjeta para pap\u00e1<\/strong>.<\/p>\n<p>Te dejamos algunas <strong>ideas de tarjetas<\/strong> que seguro que te inspiran a ti y a tus peques.<\/p>\n<p><img loading=\"lazy\" class=\"size-medium wp-image-3636 aligncenter\" src=\"https:\/\/micuento.com\/blog\/wp-content\/uploads\/2023\/01\/e0365a1b82b2c4b74200fb96ac2328b3-217x300.jpeg\" alt=\"frases tarjetas para el dia del padre\" width=\"217\" height=\"300\" srcset=\"https:\/\/micuento.com\/blog\/wp-content\/uploads\/2023\/01\/e0365a1b82b2c4b74200fb96ac2328b3-217x300.jpeg 217w, https:\/\/micuento.com\/blog\/wp-content\/uploads\/2023\/01\/e0365a1b82b2c4b74200fb96ac2328b3-370x511.jpeg 370w, https:\/\/micuento.com\/blog\/wp-content\/uploads\/2023\/01\/e0365a1b82b2c4b74200fb96ac2328b3-420x580.jpeg 420w, https:\/\/micuento.com\/blog\/wp-content\/uploads\/2023\/01\/e0365a1b82b2c4b74200fb96ac2328b3.jpeg 564w\" sizes=\"(max-width: 217px) 100vw, 217px\" \/><\/p>\n<p style=\"text-align: center;\">Fuente: estudiandoconmama.com<\/p>\n<p><img loading=\"lazy\" class=\"size-medium wp-image-3637 aligncenter\" src=\"https:\/\/micuento.com\/blog\/wp-content\/uploads\/2023\/01\/082d90469ca8d51115a29a89b0b5f548-240x300.jpeg\" alt=\"tarjetas con frases bonitas para el dia del padre\" width=\"240\" height=\"300\" srcset=\"https:\/\/micuento.com\/blog\/wp-content\/uploads\/2023\/01\/082d90469ca8d51115a29a89b0b5f548-240x300.jpeg 240w, https:\/\/micuento.com\/blog\/wp-content\/uploads\/2023\/01\/082d90469ca8d51115a29a89b0b5f548-370x463.jpeg 370w, https:\/\/micuento.com\/blog\/wp-content\/uploads\/2023\/01\/082d90469ca8d51115a29a89b0b5f548-464x580.jpeg 464w, https:\/\/micuento.com\/blog\/wp-content\/uploads\/2023\/01\/082d90469ca8d51115a29a89b0b5f548.jpeg 564w\" sizes=\"(max-width: 240px) 100vw, 240px\" \/><\/p>\n<p style=\"text-align: center;\">Fuente: Pinterest<\/p>\n<p><img loading=\"lazy\" class=\"size-medium wp-image-3638 aligncenter\" src=\"https:\/\/micuento.com\/blog\/wp-content\/uploads\/2023\/01\/tu-eres-300x225.jpeg\" alt=\"tarjetas y frases para el dia del padre\" width=\"300\" height=\"225\" srcset=\"https:\/\/micuento.com\/blog\/wp-content\/uploads\/2023\/01\/tu-eres-300x225.jpeg 300w, https:\/\/micuento.com\/blog\/wp-content\/uploads\/2023\/01\/tu-eres-370x278.jpeg 370w, https:\/\/micuento.com\/blog\/wp-content\/uploads\/2023\/01\/tu-eres.jpeg 480w\" sizes=\"(max-width: 300px) 100vw, 300px\" \/><\/p>\n<p style=\"text-align: center;\">Fuente: Pinterest<\/p>\n<p>&nbsp;<\/p>\n<h2>Frases para el D\u00eda del Padre<\/h2>\n<p><strong>\u00bfC\u00f3mo decirle a Pap\u00e1 lo mucho que lo queremos?<\/strong> Sabemos que es dif\u00edcil, y que cada persona tiene su manera de comunicarse y mostrar cari\u00f1o. Por eso, te proponemos varias<strong> frases para Pap\u00e1 que pueden gustarle<\/strong>. \u00a1As\u00ed puedes a\u00f1adirlas a tu tarjeta!<\/p>\n<h3>Frases divertidas para el D\u00eda del Padre<\/h3>\n<ol>\n<li style=\"font-weight: 400;\" aria-level=\"1\">\u00a1Ser padre debe ser una tarea muy sencilla con una familia como la nuestra!<\/li>\n<li style=\"font-weight: 400;\" aria-level=\"1\">Con cari\u00f1o y mucho br\u00edo puedo gritar a todo el mundo que no hay padre como el m\u00edo.<\/li>\n<\/ol>\n<h3>Frases cari\u00f1osas para el D\u00eda del Padre<\/h3>\n<ol>\n<li style=\"font-weight: 400;\" aria-level=\"1\">Pap\u00e1 es seguridad, amor incondicional y muchas pelis juntos sentados en el sof\u00e1.<\/li>\n<li style=\"font-weight: 400;\" aria-level=\"1\">Pap\u00e1, eres es sonrisa. Pap\u00e1, eres una mano tendida, las curitas que cubren mis heridas, los o\u00eddos que siempre oyen lo que tienes que contar, los brazos que dan el mejor abrazo. Pap\u00e1: eres amor y hogar.<\/li>\n<\/ol>\n<h3>Frases recordando un momento especial para el D\u00eda del Padre<\/h3>\n<ol>\n<li style=\"font-weight: 400;\" aria-level=\"1\">Pap\u00e1, nunca olvidar\u00e9 aquella vez que (&#8230;).<\/li>\n<li style=\"font-weight: 400;\" aria-level=\"1\">Siempre que (&#8230;) me haces sentir el ni\u00f1o\/la ni\u00f1a con m\u00e1s suerte del mundo. \u00a1Te quiero, Pap\u00e1!<\/li>\n<\/ol>\n<p>&nbsp;<\/p>\n<h2>El mejor regalo para Pap\u00e1: \u00a1un cuento personalizado!<\/h2>\n<p><img loading=\"lazy\" class=\"aligncenter size-large wp-image-3643\" src=\"https:\/\/micuento.com\/blog\/wp-content\/uploads\/2023\/01\/scp_tqtp-1024x1024.jpg\" alt=\"Libro personalizado Pap\u00e1\" width=\"770\" height=\"770\" srcset=\"https:\/\/micuento.com\/blog\/wp-content\/uploads\/2023\/01\/scp_tqtp-1024x1024.jpg 1024w, https:\/\/micuento.com\/blog\/wp-content\/uploads\/2023\/01\/scp_tqtp-300x300.jpg 300w, https:\/\/micuento.com\/blog\/wp-content\/uploads\/2023\/01\/scp_tqtp-150x150.jpg 150w, https:\/\/micuento.com\/blog\/wp-content\/uploads\/2023\/01\/scp_tqtp-768x768.jpg 768w, https:\/\/micuento.com\/blog\/wp-content\/uploads\/2023\/01\/scp_tqtp-370x370.jpg 370w, https:\/\/micuento.com\/blog\/wp-content\/uploads\/2023\/01\/scp_tqtp-570x570.jpg 570w, https:\/\/micuento.com\/blog\/wp-content\/uploads\/2023\/01\/scp_tqtp-770x770.jpg 770w, https:\/\/micuento.com\/blog\/wp-content\/uploads\/2023\/01\/scp_tqtp-580x580.jpg 580w, https:\/\/micuento.com\/blog\/wp-content\/uploads\/2023\/01\/scp_tqtp.jpg 1080w\" sizes=\"(max-width: 770px) 100vw, 770px\" \/><\/p>\n<p>\u00bfQu\u00e9 regalo puede <strong>complementar tu tarjeta para el D\u00eda del Padre<\/strong>? \u00a1Un libro personalizado! Estos libros son <strong>el mejor regalo para Pap\u00e1<\/strong>, porque son un detalle para toda la vida lleno de cari\u00f1o que retrata para siempre sus aventuras con su familia.<\/p>\n<p>En MiCuento hay tres libros personalizados para Pap\u00e1: <a title=\"Cuento personalizado te quiero tanto pap\u00e1\" href=\"https:\/\/micuento.com\/cuento-personalizado\/te-quiero-tanto-papa\">Te quiero tanto, Pap\u00e1<\/a>, <a title=\"Cuento personalizado sue\u00f1a conmigo pap\u00e1\" href=\"https:\/\/micuento.com\/cuento-personalizado\/suena-conmigo-papa\">\u00a1Sue\u00f1a conmigo, Pap\u00e1!<\/a> y<a title=\"Cuento personalizado abuelo y yo\" href=\"https:\/\/micuento.com\/cuento-personalizado\/abuelo-y-yo\"> El abuelo y yo<\/a>. Puedes <strong>personalizarlos (con el nombre y los rasgos f\u00edsicos de Pap\u00e1 y sus peques) y ojearlos antes de comprarlos<\/strong>. Adem\u00e1s, puedes a\u00f1adir una <strong>fotograf\u00eda<\/strong> y una <strong>dedicatoria<\/strong> hechas por ti. \u00a1As\u00ed puedes a\u00f1adir la frase para Pap\u00e1 en el cuento! <strong>Seguro que lo sorprendes.<\/strong><\/p>\n<p>El cuento ser\u00e1 una manera ideal de <strong>pasar tiempo en familia<\/strong>. Ver\u00e1s que tus peques tienen m\u00e1s ganas de leer tras haberlos descubierto, ya que pueden adentrarse en la historia de una manera m\u00e1s m\u00e1gica y especial. As\u00ed que el regalo funciona tanto para Pap\u00e1 como para sus peques: podr\u00e1n pasar, as\u00ed,<strong> un d\u00eda inolvidable juntos<\/strong>. <a title=\"Planes originales para el d\u00eda del padre\" href=\"https:\/\/micuento.com\/blog\/planes-originales-dia-del-padre\/\">Descubre m\u00e1s planes para pasar un D\u00eda del Padre que record\u00e9is para siempre.<\/a><\/p>\n<p>\u00a1Esperamos que disfrutes creando tu tarjeta y leyendo el cuento personalizado para Pap\u00e1!<\/p>\n<h3 style=\"text-align: center;\"><strong><span style=\"color: #d51c58;\">\u00a1Regala el libro personalizado con este descuento!<\/span><\/strong><\/h3>\n<p><a href=\"https:\/\/micuento.com\/?utm_source=blog&amp;utm_medium=banner\" target=\"_blank\" rel=\"noopener\"><img loading=\"lazy\" class=\"aligncenter\" src=\"https:\/\/micuento.com\/blog\/wp-content\/uploads\/2022\/08\/ESP-banner-blog-descuento.jpg\" alt=\"descuento libro personalizado\" width=\"672\" height=\"120\" \/><\/a><\/p>\n<p style=\"text-align: center;\">Usa el c\u00f3digo BLOG20 en la compra de tu libro personalizado.<\/p>\n<p>&nbsp;<\/p>\n<p>&nbsp;<\/p>\n","protected":false},"excerpt":{"rendered":"<p>\u00a1Ya se acerca el D\u00eda del Padre!; un d\u00eda en el que es importante juntarse y valorar el&#8230;<\/p>\n","protected":false},"author":1,"featured_media":0,"comment_status":"closed","ping_status":"open","sticky":false,"template":"","format":"standard","meta":{"inline_featured_image":false},"categories":[38,39,33],"tags":[],"amp_enabled":true,"_links":{"self":[{"href":"https:\/\/micuento.com\/blog\/wp-json\/wp\/v2\/posts\/3632"}],"collection":[{"href":"https:\/\/micuento.com\/blog\/wp-json\/wp\/v2\/posts"}],"about":[{"href":"https:\/\/micuento.com\/blog\/wp-json\/wp\/v2\/types\/post"}],"author":[{"embeddable":true,"href":"https:\/\/micuento.com\/blog\/wp-json\/wp\/v2\/users\/1"}],"replies":[{"embeddable":true,"href":"https:\/\/micuento.com\/blog\/wp-json\/wp\/v2\/comments?post=3632"}],"version-history":[{"count":12,"href":"https:\/\/micuento.com\/blog\/wp-json\/wp\/v2\/posts\/3632\/revisions"}],"predecessor-version":[{"id":3652,"href":"https:\/\/micuento.com\/blog\/wp-json\/wp\/v2\/posts\/3632\/revisions\/3652"}],"wp:attachment":[{"href":"https:\/\/micuento.com\/blog\/wp-json\/wp\/v2\/media?parent=3632"}],"wp:term":[{"taxonomy":"category","embeddable":true,"href":"https:\/\/micuento.com\/blog\/wp-json\/wp\/v2\/categories?post=3632"},{"taxonomy":"post_tag","embeddable":true,"href":"https:\/\/micuento.com\/blog\/wp-json\/wp\/v2\/tags?post=3632"}],"curies":[{"name":"wp","href":"https:\/\/api.w.org\/{rel}","templated":true}]}}